{"id":1708,"date":"2022-01-23T21:27:58","date_gmt":"2022-01-23T20:27:58","guid":{"rendered":"https:\/\/www.negar-afghanwomen.org\/2\/?p=1708"},"modified":"2022-09-02T15:59:19","modified_gmt":"2022-09-02T13:59:19","slug":"communique-de-presse-de-negar-soutien-aux-femmes-dafghanistan","status":"publish","type":"post","link":"https:\/\/www.negar-afghanwomen.org\/2\/communique-de-presse-de-negar-soutien-aux-femmes-dafghanistan\/","title":{"rendered":"COMMUNIQUE DE PRESSE DE NEGAR, soutien aux femmes d&rsquo;Afghanistan"},"content":{"rendered":"\n<p class=\"has-text-align-center\">POURPARLERS D&rsquo;OSLO  23 janvier 2022<\/p>\n\n\n\n<div class=\"wp-block-image\"><figure class=\"aligncenter size-full\"><a href=\"https:\/\/www.negar-afghanwomen.org\/2\/wp-content\/uploads\/2022\/01\/Capture-de\u0301cran-2022-01-24-a\u0300-14.42.38.png\"><img loading=\"lazy\" decoding=\"async\" width=\"426\" height=\"328\" src=\"https:\/\/www.negar-afghanwomen.org\/2\/wp-content\/uploads\/2022\/01\/Capture-de\u0301cran-2022-01-24-a\u0300-14.42.38.png\" alt=\"\" class=\"wp-image-1727\" srcset=\"https:\/\/www.negar-afghanwomen.org\/2\/wp-content\/uploads\/2022\/01\/Capture-de\u0301cran-2022-01-24-a\u0300-14.42.38.png 426w, https:\/\/www.negar-afghanwomen.org\/2\/wp-content\/uploads\/2022\/01\/Capture-de\u0301cran-2022-01-24-a\u0300-14.42.38-300x231.png 300w\" sizes=\"auto, (max-width: 426px) 100vw, 426px\" \/><\/a><\/figure><\/div>\n\n\n<p>&nbsp;<\/p>\n<p style=\"text-align: center;\"><span style=\"color: #ff0000;\"><strong>LA RECONNAISSANCE &nbsp;DES TALIBANS<\/strong><\/span><\/p>\n<h1 style=\"text-align: center;\"><span style=\"color: #ff0000;\"><strong>=<\/strong><\/span><\/h1>\n<p style=\"text-align: center;\"><span style=\"color: #ff0000;\"><strong>NON &#8211; RECONNAISSANCE DES DROITS DES FEMMES, <\/strong><\/span><\/p>\n<p style=\"text-align: center;\"><span style=\"color: #ff0000;\"><strong>NON &#8211; RECONNAISSANCE DES DROITS HUMAINS, <\/strong><\/span><\/p>\n<p style=\"text-align: center;\"><span style=\"color: #ff0000;\"><strong>DU DROIT A LA LIBERT\u00c9, DU DROIT DE PAROLE \u2026<\/strong><\/span><\/p>\n<p style=\"text-align: center;\"><span style=\"color: #ff0000;\"><strong>&nbsp;EN AFGHANISTAN<\/strong><\/span><\/p>\n<p>&nbsp;<\/p>\n<ul>\n<li>15 ao\u00fbt 2021, les talibans soutenus par le Pakistan entrent dans Kaboul.<\/li>\n<li>31 ao\u00fbt, les Etats-Unis quittent l\u2019Afghanistan. Des milliers d\u2019afghan.es menac\u00e9.es fuient leur pays.<\/li>\n<li>Aucun pays n\u2019a reconnu depuis les milices terroristes fondamentalistes talibanes au pouvoir en malgr\u00e9 leurs promesses de changement.<\/li>\n<\/ul>\n<p>Partout dans le monde s\u2019est d\u00e9velopp\u00e9 un mouvement de solidarit\u00e9 avec le peuple afghan. Partout les f\u00e9ministes relaient la parole des femmes afghanes, suppliant de ne pas les oublier et de ne surtout pas reconna\u00eetre les talibans.<\/p>\n<p>Pourtant, du 23 au 25 janvier 2022, une d\u00e9l\u00e9gation des fondamentalistes islamistes au pouvoir \u00e0 Kaboul sera accueillie \u00e0 Oslo par la cheffe de la diplomatie norv\u00e9gienne, Anniken Huitfeldt, pour une rencontre avec les repr\u00e9sentants des \u00c9tats-Unis, de la France, du Royaume Uni, de l\u2019Allemagne, de l\u2019Italie, mais aussi avec des repr\u00e9sentants de la soci\u00e9t\u00e9 civile afghane en exil.<\/p>\n<p>L\u2019objet de l\u2019invitation de la Norv\u00e8ge \u00ab&nbsp;<em>devant le d\u00e9sastre humanitaire de grande ampleur auquel l\u2019Afghanistan doit faire face<\/em>&nbsp;\u00bb, est d\u2019engager le dialogue avec les talibans dit Madame Huitfeldt qui assure que ces rencontres \u00ab&nbsp;<em>ne constituent pas une l\u00e9gitimation ou une reconnaissance des talibans<\/em>&nbsp;\u00bb. Cependant, comme l\u2019analyse le porte-parole taliban, \u00ab&nbsp;<em>cette visite ouvrira la voie \u00e0 des discussions, r\u00e9unions et accords avec les pays de l\u2019Union europ\u00e9enne<\/em>&nbsp;\u00bb.<\/p>\n<p><strong>Le processus sera donc en marche.<\/strong><\/p>\n<p>Ainsi, la diplomatie europ\u00e9enne se laisse enfermer dans l\u2019alternative des talibans : &nbsp;sauver le peuple afghan de la famine &#8211; qui n\u2019est due qu\u2019\u00e0 leur incomp\u00e9tence et \u00e0 leur barbarie -, et reconna\u00eetre leur pouvoir. O\u00f9 se situe dans ce contrat la sauvegarde des droits des femmes&nbsp;?<\/p>\n<p>Instruits par l\u2019exp\u00e9rience des ann\u00e9es de plomb (1996-2001), les Afghans et les Afghanes qui depuis 20 ans ont d\u00fb faire face aux attentats incessants perp\u00e9tr\u00e9s par ces m\u00eames talibans, savent ce que l\u2019on peut attendre de la barbarie des milices fondamentalistes&nbsp;talibanes. Les pays d\u2019Europe et de l\u2019occident ne l\u2019ignorent pas.<\/p>\n<p>Les promesses de ces talibans pr\u00e9tendument \u00ab&nbsp;modernis\u00e9s&nbsp;\u00bb en faveur des femmes n\u2019auront pas tenu 6 mois. Toutes les r\u00e9gressions de la p\u00e9riode des \u00ab&nbsp;ann\u00e9es de plomb&nbsp;\u00bb sont de retour&nbsp;et le processus de talibanisation s\u2019est aggrav\u00e9. &nbsp;<\/p>\n<p>Apr\u00e8s avoir recr\u00e9\u00e9 le funeste minist\u00e8re de la promotion de la vertu et de la r\u00e9pression du vice, ils imposent par la brutalit\u00e9 et les violences les m\u00eames interdits&nbsp;pour les femmes: interdiction de travailler, d\u2019aller \u00e0 l\u2019\u00e9cole ou \u00e0 l\u2019universit\u00e9, de se d\u00e9placer seule, de jouer de la musique, de faire du sport, de dessiner\u2026 Chaque jour une nouvelle interdiction surgit, dans tel d\u00e9partement, interdiction de se rendre au hammam pour les femmes, dans tel autre, pour les salari\u00e9es des ONG, obligation de porter le tchadri et d\u2019\u00eatre accompagn\u00e9e d\u2019un homme, interdiction de prendre le bus ou un taxi. Chaque jour, des militantes f\u00e9ministes sont arr\u00eat\u00e9es, enlev\u00e9es, emprisonn\u00e9es, ou disparaissent.<\/p>\n<p>Des milliers de petits films, de reportages, de t\u00e9moignages arrivent tous les jours de Kaboul et des d\u00e9partements d\u2019Afghanistan pour en t\u00e9moigner.<\/p>\n<p><strong>\u00ab&nbsp;<em>Notre voix est notre arme. <\/em>\u00bb disent les femmes afghanes<\/strong><\/p>\n<p>Comment, la Norv\u00e8ge, qui dans le pass\u00e9 s\u2019est illustr\u00e9e d\u2019une mani\u00e8re si admirable par la r\u00e9sistance passive de son peuple tout entier contre l\u2019occupant nazi en 1940, peut-elle pr\u00eater la main aux milices terroristes fondamentalistes talibanes qui enferment, humilient, violentent et tuent les femmes&nbsp;?<\/p>\n<p>Comment peut-elle, par l\u2019initiative de cette rencontre, en l\u00e9gitimant ce groupe terroriste qui s\u2019est empar\u00e9 par les armes de l\u2019Afghanistan, conduire les femmes afghanes \u00e0 la d\u00e9tresse et plonger la r\u00e9sistance afghane dans l\u2019incompr\u00e9hension?<\/p>\n<p><strong>N\u2019attendons-nous pas au contraire de l\u2019Europe et des pays occidentaux qu\u2019ils se l\u00e8vent ensemble contre une milice terroriste fondamentaliste, antid\u00e9mocratique, barbare et totalitaire&nbsp;?<\/strong> Pour les Afghans et les Afghanes d\u2019abord, mais aussi pour l\u2019Europe et le monde car l\u2019Afghanistan entre les mains des talibans, c\u2019est la promesse de l\u2019instabilit\u00e9 \u00e0 l\u2019\u00e9chelle internationale, c\u2019est l\u2019ins\u00e9curit\u00e9 et la violence g\u00e9n\u00e9ralis\u00e9es.<\/p>\n<p>Forte de l\u2019exp\u00e9rience de son combat contre les forces talibanes, qui n\u2019a jamais cess\u00e9 depuis 1996, y compris durant les ann\u00e9es de la reconstruction (2001-2021), <strong>NEGAR-Soutien aux femmes d\u2019Afghanistan<\/strong> interpelle la communaut\u00e9 europ\u00e9enne dans son ensemble, politiques, gouvernements et soci\u00e9t\u00e9 civile, et l\u2019adjure d\u2019ouvrir les yeux et de voir que cette initiative diplomatique qui a pour objet charitable de r\u00e9soudre le d\u00e9sastre humanitaire en Afghanistan, ne fera que l\u2019accro\u00eetre en renfor\u00e7ant le pouvoir des milices terroristes talibanes.<\/p>\n<p>Bien entendu les talibans ne respecteront aucune de leurs promesses. Bien entendu les fonds seront d\u00e9tourn\u00e9s pour parachever le malheur des afghans. Bien entendu le sort des femmes et de la population d\u2019Afghanistan ne s\u2019am\u00e9liorera pas.<\/p>\n<p>&nbsp;<\/p>\n<p>Dire OUI \u00e0 la reconnaissance des taliban = Dire NON \u00e0 la reconnaissance des droits des femmes, \u00e0 la d\u00e9mocratie, \u00e0 la libert\u00e9, aux droits de l\u2019homme\u2026<\/p>\n<p><strong>Premier<\/strong><strong>\u00b7<\/strong><strong>es signataires&nbsp;:<\/strong><\/p>\n<p><strong>Elisabeth BADINTER<\/strong>, philosophe et femme de lettres&nbsp;; <strong>Danielle BOUSQUET<\/strong>, Pr\u00e9sidente du CNIDFF, ancienne vice-pr\u00e9sidente de l\u2019Assembl\u00e9e Nationale&nbsp;; <strong>Marie-George BUFFET<\/strong>, d\u00e9put\u00e9e de Seine-Saint Denis, ancienne ministre&nbsp;; <strong>Marie-Arlette CARLOTTI<\/strong>, s\u00e9natrice des Bouches-du-Rh\u00f4ne, ancienne ministre&nbsp;; <strong>Elizabeth CAZAUX-LAGROLET<\/strong>,&nbsp;cheffe d\u2019entreprise; <strong>Chahla CHAFIQ<\/strong>, \u00e9crivaine et sociologue&nbsp;; <strong>Laurence COHEN<\/strong>, s\u00e9natrice du Val-de-Marne&nbsp;; <strong>Catherine COUTELLE<\/strong>, pr\u00e9sidente de l\u2019association des anciennes d\u00e9put\u00e9es, pr\u00e9sidente de la d\u00e9l\u00e9gation aux droits des femmes de l\u2019Assembl\u00e9e nationale&nbsp;(2012-2017); <strong>Patricia LALONDE<\/strong>, ancienne d\u00e9put\u00e9e europ\u00e9enne&nbsp;; <strong>Laurence ROSSIGNOL,<\/strong> vice-pr\u00e9sidente du s\u00e9nat, s\u00e9natrice de l\u2019Oise, pr\u00e9sidente de l\u2019Assembl\u00e9e des Femmes,&nbsp; ancienne ministre ; <strong>Martine STORTI,<\/strong> professeure de philosophie, militante f\u00e9ministe et journaliste&nbsp;; <strong>Olivier WEBER<\/strong>, \u00e9crivain, grand reporter, ancien correspondant de guerre, ambassadeur de France itin\u00e9rant (2008-2013).<\/p>\n<p style=\"text-align: center;\"><strong>https:\/\/www.negar-afghanwomen.org<\/strong><\/p>\n<h2 style=\"text-align: center;\"><a href=\"https:\/\/www.negar-afghanwomen.org\/2\/wp-content\/uploads\/2022\/01\/OSLO-angl.pdf\"><strong>ENGLISH VERSION<\/strong><\/a><\/h2>\n<p style=\"text-align: center;\">&nbsp;<\/p>","protected":false},"excerpt":{"rendered":"<p>POURPARLERS D&rsquo;OSLO 23 janvier 2022 &nbsp; LA RECONNAISSANCE &nbsp;DES TALIBANS = NON &#8211; RECONNAISSANCE DES DROITS DES FEMMES, NON &#8211; RECONNAISSANCE DES DROITS HUMAINS, DU DROIT A LA LIBERT\u00c9, DU DROIT DE PAROLE \u2026 &nbsp;EN AFGHANISTAN &nbsp; 15 ao\u00fbt 2021, les talibans soutenus par le Pakistan entrent dans Kaboul. 31 ao\u00fbt, les Etats-Unis quittent l\u2019Afghanistan. [&hellip;]<\/p>\n","protected":false},"author":2,"featured_media":1722,"comment_status":"closed","ping_status":"closed","sticky":false,"template":"","format":"standard","meta":{"ngg_post_thumbnail":0,"footnotes":""},"categories":[23],"tags":[],"post_format":[],"class_list":["post-1708","post","type-post","status-publish","format-standard","has-post-thumbnail","hentry","category-evenements-et-actions-en-soutien-aux-femmes-dafghanistan"],"blocksy_meta":[],"_links":{"self":[{"href":"https:\/\/www.negar-afghanwomen.org\/2\/wp-json\/wp\/v2\/posts\/1708","targetHints":{"allow":["GET"]}}],"collection":[{"href":"https:\/\/www.negar-afghanwomen.org\/2\/wp-json\/wp\/v2\/posts"}],"about":[{"href":"https:\/\/www.negar-afghanwomen.org\/2\/wp-json\/wp\/v2\/types\/post"}],"author":[{"embeddable":true,"href":"https:\/\/www.negar-afghanwomen.org\/2\/wp-json\/wp\/v2\/users\/2"}],"replies":[{"embeddable":true,"href":"https:\/\/www.negar-afghanwomen.org\/2\/wp-json\/wp\/v2\/comments?post=1708"}],"version-history":[{"count":0,"href":"https:\/\/www.negar-afghanwomen.org\/2\/wp-json\/wp\/v2\/posts\/1708\/revisions"}],"wp:featuredmedia":[{"embeddable":true,"href":"https:\/\/www.negar-afghanwomen.org\/2\/wp-json\/wp\/v2\/media\/1722"}],"wp:attachment":[{"href":"https:\/\/www.negar-afghanwomen.org\/2\/wp-json\/wp\/v2\/media?parent=1708"}],"wp:term":[{"taxonomy":"category","embeddable":true,"href":"https:\/\/www.negar-afghanwomen.org\/2\/wp-json\/wp\/v2\/categories?post=1708"},{"taxonomy":"post_tag","embeddable":true,"href":"https:\/\/www.negar-afghanwomen.org\/2\/wp-json\/wp\/v2\/tags?post=1708"},{"taxonomy":"post_format","embeddable":true,"href":"https:\/\/www.negar-afghanwomen.org\/2\/wp-json\/wp\/v2\/post_format?post=1708"}],"curies":[{"name":"wp","href":"https:\/\/api.w.org\/{rel}","templated":true}]}}