{"id":4406,"date":"2023-03-02T13:44:31","date_gmt":"2023-03-02T12:44:31","guid":{"rendered":"https:\/\/www.negar-afghanwomen.org\/2\/?p=4406"},"modified":"2023-03-10T15:46:10","modified_gmt":"2023-03-10T14:46:10","slug":"sete-10-mars-2023","status":"publish","type":"post","link":"https:\/\/www.negar-afghanwomen.org\/2\/sete-10-mars-2023\/","title":{"rendered":"SETE, 10 mars 2023"},"content":{"rendered":"<p>&nbsp;<\/p>\n<p style=\"text-align: center;\"><img loading=\"lazy\" decoding=\"async\" class=\"aligncenter size-large wp-image-4685\" src=\"https:\/\/www.negar-afghanwomen.org\/2\/wp-content\/uploads\/2023\/03\/Vendredi-10-mars2-1024x724.jpg\" alt=\"\" width=\"801\" height=\"566\"\/><\/p>\n<p style=\"text-align: center;\">Cin\u00e9ma Coemedia \u00e0 19 h30<\/p>\n<p style=\"text-align: center;\">Doc de Rachida El AZZOUZI et Mortaza BEHBOUDI<\/p>\n<p style=\"text-align: center;\"><strong>\u00ab Ils ne nous effaceront pas \u00bb<\/strong><\/p>\n<p style=\"text-align: center;\">puis d\u00e9bat avec Genevi\u00e8ve Couraud<\/p>\n<div class=\"titlebar \">\n<h2 class=\"titlebar-title titlebar-title-md\">Synopsis<\/h2>\n<\/div>\n<div class=\"content-txt \">Etre une femme en Afghanistan, c\u2019est endurer une oppression syst\u00e9matique et brutale encore plus depuis le retour au pouvoir des talibans. Des montagnes de Bamyan aux collines de Kaboul, en passant par Kandahar, le fief ultra-rigoriste des nouveaux ma\u00eetres de l\u2019Afghanistan, quatre Afghanes &#8211; une militante f\u00e9ministe, une m\u00e9decin, une journaliste, une youtubeuse, racontent, face cam\u00e9ra, \u00e0 Mediapart leur combat pour ne pas \u00eatre effac\u00e9es.<\/div>\n","protected":false},"excerpt":{"rendered":"<p>&nbsp; Cin\u00e9ma Coemedia \u00e0 19 h30 Doc de Rachida El AZZOUZI et Mortaza BEHBOUDI \u00ab Ils ne nous effaceront pas \u00bb puis d\u00e9bat avec Genevi\u00e8ve Couraud Synopsis Etre une femme en Afghanistan, c\u2019est endurer une oppression syst\u00e9matique et brutale encore plus depuis le retour au pouvoir des talibans. Des montagnes de Bamyan aux collines de [&hellip;]<\/p>\n","protected":false},"author":2,"featured_media":4685,"comment_status":"closed","ping_status":"closed","sticky":false,"template":"","format":"standard","meta":{"ngg_post_thumbnail":0,"footnotes":""},"categories":[23],"tags":[],"post_format":[],"class_list":["post-4406","post","type-post","status-publish","format-standard","has-post-thumbnail","hentry","category-evenements-et-actions-en-soutien-aux-femmes-dafghanistan"],"blocksy_meta":[],"_links":{"self":[{"href":"https:\/\/www.negar-afghanwomen.org\/2\/wp-json\/wp\/v2\/posts\/4406","targetHints":{"allow":["GET"]}}],"collection":[{"href":"https:\/\/www.negar-afghanwomen.org\/2\/wp-json\/wp\/v2\/posts"}],"about":[{"href":"https:\/\/www.negar-afghanwomen.org\/2\/wp-json\/wp\/v2\/types\/post"}],"author":[{"embeddable":true,"href":"https:\/\/www.negar-afghanwomen.org\/2\/wp-json\/wp\/v2\/users\/2"}],"replies":[{"embeddable":true,"href":"https:\/\/www.negar-afghanwomen.org\/2\/wp-json\/wp\/v2\/comments?post=4406"}],"version-history":[{"count":0,"href":"https:\/\/www.negar-afghanwomen.org\/2\/wp-json\/wp\/v2\/posts\/4406\/revisions"}],"wp:featuredmedia":[{"embeddable":true,"href":"https:\/\/www.negar-afghanwomen.org\/2\/wp-json\/wp\/v2\/media\/4685"}],"wp:attachment":[{"href":"https:\/\/www.negar-afghanwomen.org\/2\/wp-json\/wp\/v2\/media?parent=4406"}],"wp:term":[{"taxonomy":"category","embeddable":true,"href":"https:\/\/www.negar-afghanwomen.org\/2\/wp-json\/wp\/v2\/categories?post=4406"},{"taxonomy":"post_tag","embeddable":true,"href":"https:\/\/www.negar-afghanwomen.org\/2\/wp-json\/wp\/v2\/tags?post=4406"},{"taxonomy":"post_format","embeddable":true,"href":"https:\/\/www.negar-afghanwomen.org\/2\/wp-json\/wp\/v2\/post_format?post=4406"}],"curies":[{"name":"wp","href":"https:\/\/api.w.org\/{rel}","templated":true}]}}