{"id":4411,"date":"2023-03-03T12:09:08","date_gmt":"2023-03-03T11:09:08","guid":{"rendered":"https:\/\/www.negar-afghanwomen.org\/2\/?p=4411"},"modified":"2023-03-05T10:48:40","modified_gmt":"2023-03-05T09:48:40","slug":"7-mars-2023-region-grand-est-et-gescod","status":"publish","type":"post","link":"https:\/\/www.negar-afghanwomen.org\/2\/7-mars-2023-region-grand-est-et-gescod\/","title":{"rendered":"7 mars 2023 &#8211; REGION GRAND EST et GESCOD"},"content":{"rendered":"\n<p class=\"has-text-align-center\">\u00c0 l&rsquo;occasion de la Journ\u00e9e internationale des droits des femmes,&nbsp;<\/p>\n\n\n\n<p class=\"has-text-align-center\">la <strong>R\u00e9gion Grand-Est<\/strong> et <strong>Gescod<\/strong><\/p>\n\n\n\n<p class=\"has-text-align-center\">organisent 3 tables-rondes anim\u00e9es par <strong>Femmes ici et ailleurs<\/strong><br \/>&nbsp;<strong>\u201cUn monde en crise : et si les femmes\u2026?\u201d<\/strong><\/p>\n\n\n\n<p class=\"has-text-align-center\">Rendez-vous <strong>mardi 7 mars<\/strong> <strong>\u00e0 partir de 9h30<\/strong><\/p>\n\n\n\n<p class=\"has-text-align-center\">En visioconf\u00e9rence<\/p>\n\n\n\n<p class=\"has-text-align-center\"><a href=\"https:\/\/www.negar-afghanwomen.org\/2\/wp-content\/uploads\/2023\/03\/a721f8_8e166a6c8a7647e093945afb97329756.pdf\" target=\"_blank\" rel=\"noreferrer noopener\">PROGRAMME<\/a>  et <a href=\"https:\/\/forms.office.com\/pages\/responsepage.aspx?id=Ta-djLHG7EqfDlsZAWWbqEFWvq7ePqxKiMBvi3Z1Xf1UN1kyUTg5SzRLMTRONjRYQU8wSjJVOEdNVSQlQCN0PWcu\" target=\"_blank\" rel=\"noreferrer noopener\">INSCRIPTION <\/a><\/p>\n\n\n\n<p class=\"has-text-align-center\">NB : il y aura une traduction int\u00e9grale de la conf\u00e9rence en anglais, pour les personnes qui le souhaitent uniquement. Il suffira de le sp\u00e9cifier en cliquant sur une petite ic\u00f4ne repr\u00e9sentant une mappemonde, le jour J, \u00e0 la fois pour le public et pour les pan\u00e9listes.<\/p>\n\n\n<div class=\"real3dflipbook\" id=\"0_69f342869de8f\" style=\"position:absolute;\"><\/div>\n\n\n<p><\/p>\n\n\n\n<p><\/p>\n\n\n\n<figure class=\"wp-block-image size-large\"><a href=\"http:\/\/r.femmes-ici-et-ailleurs.com\/mk\/mr\/IgxMaYLoI-6wDNPXTcQAR8eS0IdueCCD307bZqFgXds5jO1i34Ly7604BAe-jfOakAjEcLcfobvlz1-HPkzvSJHW2G3-9dnKZtoQOm-5Z86QiR0XmY2yVWcIMpfK3ESwp2vxuuqHJA\"><img loading=\"lazy\" decoding=\"async\" width=\"1024\" height=\"589\" src=\"https:\/\/www.negar-afghanwomen.org\/2\/wp-content\/uploads\/2023\/03\/835c6e7e1c9fce86f23e9092f9dee0cc08dbd8a02c692226121769188ec4f325-1024x589.jpg\" alt=\"\" class=\"wp-image-4412\" srcset=\"https:\/\/www.negar-afghanwomen.org\/2\/wp-content\/uploads\/2023\/03\/835c6e7e1c9fce86f23e9092f9dee0cc08dbd8a02c692226121769188ec4f325-1024x589.jpg 1024w, https:\/\/www.negar-afghanwomen.org\/2\/wp-content\/uploads\/2023\/03\/835c6e7e1c9fce86f23e9092f9dee0cc08dbd8a02c692226121769188ec4f325-300x173.jpg 300w, https:\/\/www.negar-afghanwomen.org\/2\/wp-content\/uploads\/2023\/03\/835c6e7e1c9fce86f23e9092f9dee0cc08dbd8a02c692226121769188ec4f325-150x86.jpg 150w, https:\/\/www.negar-afghanwomen.org\/2\/wp-content\/uploads\/2023\/03\/835c6e7e1c9fce86f23e9092f9dee0cc08dbd8a02c692226121769188ec4f325-768x442.jpg 768w, https:\/\/www.negar-afghanwomen.org\/2\/wp-content\/uploads\/2023\/03\/835c6e7e1c9fce86f23e9092f9dee0cc08dbd8a02c692226121769188ec4f325-1536x884.jpg 1536w, https:\/\/www.negar-afghanwomen.org\/2\/wp-content\/uploads\/2023\/03\/835c6e7e1c9fce86f23e9092f9dee0cc08dbd8a02c692226121769188ec4f325-2048x1178.jpg 2048w, https:\/\/www.negar-afghanwomen.org\/2\/wp-content\/uploads\/2023\/03\/835c6e7e1c9fce86f23e9092f9dee0cc08dbd8a02c692226121769188ec4f325-261x150.jpg 261w\" sizes=\"auto, (max-width: 1024px) 100vw, 1024px\" \/><\/a><\/figure>\n\n\n\n<p><\/p>\n\n\n\n<p><\/p>\n\n\n\n<figure class=\"wp-block-video\"><video height=\"720\" style=\"aspect-ratio: 1280 \/ 720;\" width=\"1280\" controls src=\"https:\/\/www.negar-afghanwomen.org\/2\/wp-content\/uploads\/2023\/03\/Un-monde-en-crise-070323.mp4\"><\/video><\/figure>\n","protected":false},"excerpt":{"rendered":"<p>\u00c0 l&rsquo;occasion de la Journ\u00e9e internationale des droits des femmes,&nbsp; la R\u00e9gion Grand-Est et Gescod organisent 3 tables-rondes anim\u00e9es par Femmes ici et ailleurs&nbsp;\u201cUn monde en crise : et si les femmes\u2026?\u201d Rendez-vous mardi 7 mars \u00e0 partir de 9h30 En visioconf\u00e9rence PROGRAMME et INSCRIPTION NB : il y aura une traduction int\u00e9grale de la [&hellip;]<\/p>\n","protected":false},"author":2,"featured_media":4412,"comment_status":"closed","ping_status":"closed","sticky":false,"template":"","format":"standard","meta":{"ngg_post_thumbnail":0,"footnotes":""},"categories":[23],"tags":[],"post_format":[],"class_list":["post-4411","post","type-post","status-publish","format-standard","has-post-thumbnail","hentry","category-evenements-et-actions-en-soutien-aux-femmes-dafghanistan"],"blocksy_meta":[],"_links":{"self":[{"href":"https:\/\/www.negar-afghanwomen.org\/2\/wp-json\/wp\/v2\/posts\/4411","targetHints":{"allow":["GET"]}}],"collection":[{"href":"https:\/\/www.negar-afghanwomen.org\/2\/wp-json\/wp\/v2\/posts"}],"about":[{"href":"https:\/\/www.negar-afghanwomen.org\/2\/wp-json\/wp\/v2\/types\/post"}],"author":[{"embeddable":true,"href":"https:\/\/www.negar-afghanwomen.org\/2\/wp-json\/wp\/v2\/users\/2"}],"replies":[{"embeddable":true,"href":"https:\/\/www.negar-afghanwomen.org\/2\/wp-json\/wp\/v2\/comments?post=4411"}],"version-history":[{"count":0,"href":"https:\/\/www.negar-afghanwomen.org\/2\/wp-json\/wp\/v2\/posts\/4411\/revisions"}],"wp:featuredmedia":[{"embeddable":true,"href":"https:\/\/www.negar-afghanwomen.org\/2\/wp-json\/wp\/v2\/media\/4412"}],"wp:attachment":[{"href":"https:\/\/www.negar-afghanwomen.org\/2\/wp-json\/wp\/v2\/media?parent=4411"}],"wp:term":[{"taxonomy":"category","embeddable":true,"href":"https:\/\/www.negar-afghanwomen.org\/2\/wp-json\/wp\/v2\/categories?post=4411"},{"taxonomy":"post_tag","embeddable":true,"href":"https:\/\/www.negar-afghanwomen.org\/2\/wp-json\/wp\/v2\/tags?post=4411"},{"taxonomy":"post_format","embeddable":true,"href":"https:\/\/www.negar-afghanwomen.org\/2\/wp-json\/wp\/v2\/post_format?post=4411"}],"curies":[{"name":"wp","href":"https:\/\/api.w.org\/{rel}","templated":true}]}}