{"id":52151,"date":"2024-11-27T08:52:27","date_gmt":"2024-11-27T07:52:27","guid":{"rendered":"https:\/\/www.negar-afghanwomen.org\/2\/?p=52151"},"modified":"2024-11-28T16:01:34","modified_gmt":"2024-11-28T15:01:34","slug":"visas-pour-la-france","status":"publish","type":"post","link":"https:\/\/www.negar-afghanwomen.org\/2\/visas-pour-la-france\/","title":{"rendered":"VISAS POUR LA FRANCE"},"content":{"rendered":"\n<figure class=\"wp-block-image aligncenter size-full\"><img loading=\"lazy\" decoding=\"async\" width=\"851\" height=\"315\" src=\"https:\/\/www.negar-afghanwomen.org\/2\/wp-content\/uploads\/2024\/11\/VISAS-POUR-LA-FRANCE.png\" alt=\"\" class=\"wp-image-48891\" srcset=\"https:\/\/www.negar-afghanwomen.org\/2\/wp-content\/uploads\/2024\/11\/VISAS-POUR-LA-FRANCE.png 851w, https:\/\/www.negar-afghanwomen.org\/2\/wp-content\/uploads\/2024\/11\/VISAS-POUR-LA-FRANCE-300x111.png 300w, https:\/\/www.negar-afghanwomen.org\/2\/wp-content\/uploads\/2024\/11\/VISAS-POUR-LA-FRANCE-150x56.png 150w, https:\/\/www.negar-afghanwomen.org\/2\/wp-content\/uploads\/2024\/11\/VISAS-POUR-LA-FRANCE-768x284.png 768w\" sizes=\"auto, (max-width: 851px) 100vw, 851px\" \/><\/figure>\n\n\n\n<p><strong>Pour les personnes venant d\u2019Afghanistan<\/strong><\/p>\n\n\n\n<p><strong>PROCEDURES D\u2019OBTENTION DE VISAS POUR LA FRANCE<\/strong><\/p>\n\n\n\n<p>Ces demandes l\u00e9gitimes ne font pas partie des missions de NEGAR, telles que d\u00e9finies dans ses statuts, et nous ne pouvons donc acc\u00e9der aux souhaits des personnes en demande.<\/p>\n\n\n\n<p>Toutefois, devant le d\u00e9sarroi de ces afghans et afghanes et celui de leurs proches en France, nous pouvons indiquer quelques proc\u00e9dures \u00e0 suivre.<\/p>\n\n\n\n<p>Si vous \u00eates en Afghanistan, il faut essayer de rejoindre soit le Pakistan, soit l\u2019Iran, avec un passeport en cours de validit\u00e9<br \/><br \/><\/p>\n\n\n\n<p><strong>Demande de visa dans une ambassade de France<\/strong><\/p>\n\n\n\n<p><strong>VISA pour Asile<br \/>ou VISA Long s\u00e9jour<\/strong><\/p>\n\n\n\n<p>Les Afghans b\u00e9n\u00e9ficient principalement du visa pour asile, dispositif unique en Europe, que la France ouvre \u00e0 titre exceptionnel afin de r\u00e9pondre \u00e0 des besoins particuli\u00e8rement urgents et manifestes de protection<\/p>\n\n\n\n<p>Apr\u00e8s la fermeture de l\u2019ambassade au Pakistan en avril 2021 puis celle de Kaboul, <a href=\"https:\/\/france-visas.gouv.fr\/web\/af\">les ambassades de France en Iran et en Inde<\/a>&nbsp; sont, selon le minist\u00e8re, comp\u00e9tentes pour examiner les demandes de visa des personnes afghanes.Fin septembre 2021, l\u2019ambassade de France au Pakistan a rouvert ses portes pour <a href=\"https:\/\/pk.ambafrance.org\/Actualisation-des-adresses-de-contact-pour-les-demandes-de-visas-y-compris-pour\">des demandes de visas pour des Afghans, pr\u00e9sents sur le territoire pakistanais.&nbsp;<\/a><\/p>\n\n\n\n<p>Compte tenu des restrictions d\u2019acc\u00e8s sur le territoire pour les pays consid\u00e9r\u00e9s comme zones rouges de circulation du SRAS-COV2 comme l\u2019Afghanistan, seules <a href=\"https:\/\/www.interieur.gouv.fr\/content\/download\/129243\/1030085\/file\/23-09-2021-attestation-entree-depuis-un-pays-de-la-zone-rouge.pdf\">certaines cat\u00e9gories &nbsp;de personnes non vaccin\u00e9es peuvent obtenir un visa<\/a>. Parmi elles, les Fran\u00e7aises, les personnes r\u00e9sidant en France et leur famille (regroupement familial) et les familles de prot\u00e9g\u00e9\u00b7e\u00b7s (r\u00e9unification familiale) peuvent voir instruite une demande.<\/p>\n\n\n\n<p>Dans les trois ambassades, il faut pr\u00e9-remplir une demande de visa via le <a href=\"https:\/\/france-visas.gouv.fr\/fr_FR\/web\/france-visas\">site France visas &nbsp;<\/a>puis prendre un rendez-vous en s\u2019adressant au prestataire de service payant pour <a href=\"https:\/\/france-visas.gouv.fr\/web\/in\/a-qui-sadresser\">l\u2019Inde<\/a> et pour <a href=\"https:\/\/france-visas.gouv.fr\/web\/ir\/a-qui-sadresser\">l\u2019Iran<\/a> ou en contactant <a href=\"mailto:%3A%20afghans-visas.teheran@diplomatie.gouv.fr\">par mail<\/a> l\u2019ambassade de T\u00e9h\u00e9ran. Si les personnes arrivent \u00e0 gagner T\u00e9h\u00e9ran, la proc\u00e9dure est alors assez rapide (entre un et 4 mois).<\/p>\n\n\n\n<p><strong>A PARTIR DE L\u2019IRAN<\/strong><\/p>\n\n\n\n<p>Vous pourrez remplir les formulaires suivants, sur le site de l\u2019ambassade de France en Iran, qui pourra vous proposer un rendez vous apr\u00e8s avoir examin\u00e9 votre dossier et si vous r\u00e9unissez tous les documents demand\u00e9s. La proc\u00e9dure est longue , au moins 9 mois.<\/p>\n\n\n\n<p>&#8211;<a href=\"https:\/\/ir.ambafrance.org\/Demander-un-visa-pour-la-France-en-Iran\" target=\"_blank\" rel=\"noreferrer noopener\">https:\/\/ir.ambafrance.org\/Demander-un-visa-pour-la-France-en-Iran<\/a><\/p>\n\n\n\n<p><strong>A PARTIR DU PAKISTAN<\/strong><\/p>\n\n\n\n<figure class=\"wp-block-embed\"><div class=\"wp-block-embed__wrapper\">\nhttps:\/\/pk.ambafrance.org\/Demander-un-visa-pour-la-France-au-Pakistan\n<\/div><\/figure>\n\n\n\n<p>Si vous ne comprenez pas certaines demandes, notamment le type de visa dont vous avez besoin, vous pouvez vous adresser \u00e0 l\u2019ambassade d\u2019Afghanistan en France<\/p>\n\n\n\n<figure class=\"wp-block-embed\"><div class=\"wp-block-embed__wrapper\">\nhttps:\/\/www.amb-afg.fr\n<\/div><\/figure>\n\n\n\n<p><strong>Vous pouvez trouver plus d&rsquo;informations sur le site de la CIMADE<\/strong><br \/><a href=\"https:\/\/www.lacimade.org\/afghanistan-informations-pratiques-a-destination-des-afghan%C2%B7e%C2%B7s\/\" target=\"_blank\" rel=\"noreferrer noopener\">https:\/\/www.lacimade.org\/afghanistan-informations-pratiques-a-destination-des-afghan%C2%B7e%C2%B7s\/<\/a><\/p>\n\n\n\n<p>Lire \u00e9galement la page du GISTI (Groupe d\u2019information et de soutien des immigr\u00e9\u00b7es) ,tr\u00e8s compl\u00e8te en dari, et en anglais<\/p>\n\n\n\n<p><a href=\"http:\/\/www.gisti.org\/spip.php?article6645#2b\">http:\/\/www.gisti.org\/spip.php?article6645#2b<\/a><\/p>\n","protected":false},"excerpt":{"rendered":"<p>Pour les personnes venant d\u2019Afghanistan PROCEDURES D\u2019OBTENTION DE VISAS POUR LA FRANCE Ces demandes l\u00e9gitimes ne font pas partie des missions de NEGAR, telles que d\u00e9finies dans ses statuts, et nous ne pouvons donc acc\u00e9der aux souhaits des personnes en demande. Toutefois, devant le d\u00e9sarroi de ces afghans et afghanes et celui de leurs proches [&hellip;]<\/p>\n","protected":false},"author":2,"featured_media":0,"comment_status":"closed","ping_status":"closed","sticky":false,"template":"","format":"standard","meta":{"ngg_post_thumbnail":0,"footnotes":""},"categories":[58],"tags":[],"post_format":[],"class_list":["post-52151","post","type-post","status-publish","format-standard","hentry","category-communiques"],"blocksy_meta":[],"_links":{"self":[{"href":"https:\/\/www.negar-afghanwomen.org\/2\/wp-json\/wp\/v2\/posts\/52151","targetHints":{"allow":["GET"]}}],"collection":[{"href":"https:\/\/www.negar-afghanwomen.org\/2\/wp-json\/wp\/v2\/posts"}],"about":[{"href":"https:\/\/www.negar-afghanwomen.org\/2\/wp-json\/wp\/v2\/types\/post"}],"author":[{"embeddable":true,"href":"https:\/\/www.negar-afghanwomen.org\/2\/wp-json\/wp\/v2\/users\/2"}],"replies":[{"embeddable":true,"href":"https:\/\/www.negar-afghanwomen.org\/2\/wp-json\/wp\/v2\/comments?post=52151"}],"version-history":[{"count":2,"href":"https:\/\/www.negar-afghanwomen.org\/2\/wp-json\/wp\/v2\/posts\/52151\/revisions"}],"predecessor-version":[{"id":52184,"href":"https:\/\/www.negar-afghanwomen.org\/2\/wp-json\/wp\/v2\/posts\/52151\/revisions\/52184"}],"wp:attachment":[{"href":"https:\/\/www.negar-afghanwomen.org\/2\/wp-json\/wp\/v2\/media?parent=52151"}],"wp:term":[{"taxonomy":"category","embeddable":true,"href":"https:\/\/www.negar-afghanwomen.org\/2\/wp-json\/wp\/v2\/categories?post=52151"},{"taxonomy":"post_tag","embeddable":true,"href":"https:\/\/www.negar-afghanwomen.org\/2\/wp-json\/wp\/v2\/tags?post=52151"},{"taxonomy":"post_format","embeddable":true,"href":"https:\/\/www.negar-afghanwomen.org\/2\/wp-json\/wp\/v2\/post_format?post=52151"}],"curies":[{"name":"wp","href":"https:\/\/api.w.org\/{rel}","templated":true}]}}