{"id":65622,"date":"2026-01-27T13:36:26","date_gmt":"2026-01-27T12:36:26","guid":{"rendered":"https:\/\/www.negar-afghanwomen.org\/2\/?p=65622"},"modified":"2026-01-27T16:27:56","modified_gmt":"2026-01-27T15:27:56","slug":"colloque-ecvf-30-janvier-2026","status":"publish","type":"post","link":"https:\/\/www.negar-afghanwomen.org\/2\/colloque-ecvf-30-janvier-2026\/","title":{"rendered":"COLLOQUE ECVF &#8211; 30 janvier 2026"},"content":{"rendered":"\n<p><\/p>\n\n\n\n<figure class=\"wp-block-image size-full\"><img loading=\"lazy\" decoding=\"async\" width=\"796\" height=\"798\" src=\"https:\/\/www.negar-afghanwomen.org\/2\/wp-content\/uploads\/2026\/01\/Capture-decran-2026-01-27-a-13.34.26.png\" alt=\"\" class=\"wp-image-65623\" srcset=\"https:\/\/www.negar-afghanwomen.org\/2\/wp-content\/uploads\/2026\/01\/Capture-decran-2026-01-27-a-13.34.26.png 796w, https:\/\/www.negar-afghanwomen.org\/2\/wp-content\/uploads\/2026\/01\/Capture-decran-2026-01-27-a-13.34.26-300x300.png 300w, https:\/\/www.negar-afghanwomen.org\/2\/wp-content\/uploads\/2026\/01\/Capture-decran-2026-01-27-a-13.34.26-150x150.png 150w, https:\/\/www.negar-afghanwomen.org\/2\/wp-content\/uploads\/2026\/01\/Capture-decran-2026-01-27-a-13.34.26-768x770.png 768w\" sizes=\"auto, (max-width: 796px) 100vw, 796px\" \/><\/figure>\n\n\n\n<p><strong>INVITATION&nbsp;<\/strong><\/p>\n\n\n\n<h2 class=\"wp-block-heading has-text-align-center\"><strong>\u00ab&nbsp;D\u00c9FENDRE LES FEMMES ET LEURS DROITS, C\u2019EST RENFORCER LA D\u00c9MOCRATIE&nbsp;\u00bb<\/strong><\/h2>\n\n\n\n<p>Madame, Monsieur,<\/p>\n\n\n\n<p>Nous avons le plaisir de vous inviter \u00e0 la conf\u00e9rence organis\u00e9e par ECVF, vendredi 30 janvier 2026, \u00e0 partir de 08h30, \u00e0 l\u2019H\u00f4tel de ville de&nbsp;<a href=\"https:\/\/www.google.com\/maps\/search\/Paris,+5+rue+de+Lobau?entry=gmail&amp;source=g\">Paris, 5 rue de Lobau<\/a>&nbsp;(m\u00e9tro 1 ou 11 &#8211; arr\u00eat H\u00f4tel de ville). Le th\u00e8me que nous d\u00e9velopperons est la d\u00e9fense des droits des femmes et la lutte contre les violences masculinistes.<\/p>\n\n\n\n<p><strong>L\u2019inscription est obligatoire.<\/strong><\/p>\n\n\n\n<p>Pour vous inscrire, nous vous proposons 3 possibilit\u00e9s:<\/p>\n\n\n\n<p>\u2014 Courriel \u00e0&nbsp;<a href=\"mailto:colloque@ecvf.fr\">colloque@ecvf.fr<\/a>&nbsp;avec votre nom, pr\u00e9nom, courriel (pour la r\u00e9ception du billet), num\u00e9ro de t\u00e9l\u00e9phone portable (indications et informations pratiques)<\/p>\n\n\n\n<p>\u2014 Billetterie, en scannant le code QR ou par recherche avec les mots cl\u00e9s \u00ab colloque ecvf \u00bb sur n\u2019importe quel navigateur internet.&nbsp;<\/p>\n\n\n\n<p>\u2014 Site&nbsp;<a href=\"http:\/\/www.ecvf.fr\">www.ecvf.fr<\/a>, onglet ColloquECVF, bouton \u00ab inscription \u00bb via le lien suivant&nbsp;:&nbsp;<a href=\"https:\/\/s.42l.fr\/ColloquECVF\">https:\/\/s.42l.fr\/ColloquECVF<\/a><\/p>\n\n\n\n<p>Comptant sur votre pr\u00e9sence et vous remerciant par avance de votre participation,<\/p>\n\n\n\n<p>Recevez nos salutations distingu\u00e9es,&nbsp;<\/p>\n\n\n\n<p>Le bureau d\u2019ECVF<\/p>\n\n\n\n<h2 class=\"wp-block-heading has-text-align-center\"><a href=\"https:\/\/my.weezevent.com\/colloquecvf-2025\">INSCRIPTION<\/a><\/h2>\n\n\n\n<p class=\"has-text-align-center\">ou <a href=\"https:\/\/my.weezevent.com\/colloquecvf-2025\">https:\/\/my.weezevent.com\/colloquecvf-2025<\/a><\/p>\n\n\n\n<p><strong><u>PROGRAMME DE LA JOURN\u00c9E DU VENDREDI 30 JANVIER<\/u><\/strong><\/p>\n\n\n\n<p>08h30 \u2013 09h30 :&nbsp;<strong>Accueil et ouverture de la conf\u00e9rence<\/strong><\/p>\n\n\n\n<p>\u2013 08h30 \u2013 09h00&nbsp;: Accueil des participant\u00b7es<br \/>\u2013 09h10 \u2013 09h15 : Pr\u00e9sentation de la conf\u00e9rence&nbsp;par&nbsp;<strong>Mich\u00e8le VITRAC-POUZOULET<\/strong>,&nbsp;<em>pr\u00e9sidente d\u2019ECVF,&nbsp;conseill\u00e8re municipale de<\/em><em>\u202f<\/em><em>Sartrouville, ancienne conseill\u00e8re r\u00e9gionale d\u2019I de F<\/em><br \/>\u2013 09h15 \u2013 09h25 : Ouverture du colloque par&nbsp;<strong>H\u00e9l\u00e8ne BIDARD,&nbsp;<\/strong><em>conseill\u00e8re de Paris, adjointe \u00e0 la maire de Paris charg\u00e9e de l\u2019\u00e9galit\u00e9 femmes\/hommes, pr\u00e9sidente d\u2018honneur d\u2019ECVF<\/em><\/p>\n\n\n\n<p><strong>09h30 \u2013 10h45 : TABLE I \u2013 LIBERTE&nbsp;<\/strong><strong>&#x25b6;<\/strong><\/p>\n\n\n\n<p><strong>\u00ab Les \u00e9lu\u00b7es pour la s\u00e9curit\u00e9 des femmes dans l\u2019espace public \u00bb<\/strong><\/p>\n\n\n\n<p><strong>I.1&nbsp;(09h30 \u2013 10h10) \u2013 Des politiques publiques port\u00e9es par des \u00e9lu\u00b7es concern\u00e9\u00b7es<\/strong><br \/>Mod\u00e9ratrice :&nbsp;<strong>Carmelina DE PABLO<\/strong>,&nbsp;<em>conseill\u00e8re municipale de Montrouge d\u00e9l\u00e9gu\u00e9e \u00e0 la lutte contre les violences intra-familiales, pr\u00e9sidente d\u2019honneur d\u2019ECVF<\/em><br \/>Intervenant\u22c5es :<\/p>\n\n\n\n<p><strong>Nathalie TESSIER<\/strong>,&nbsp;<em>conseill\u00e8re municipale de Marseille, d\u00e9l\u00e9gu\u00e9e aux droits des femmes et \u00e0 la lutte contre les violences<\/em><\/p>\n\n\n\n<p><strong>Fran\u00e7ois KALFON<\/strong>,&nbsp;<em>d\u00e9put\u00e9 europ\u00e9en, membre de la commission parlementaire TRAN (Transport et tourisme)<\/em><\/p>\n\n\n\n<p><strong>Sandrine FLOUREUSSES<\/strong>,&nbsp;<em>CD Haute Garonne, vice-pr\u00e9sidente de la maison des \u00e9lu\u00b7es<\/em><\/p>\n\n\n\n<p><strong>Eddie A\u00cfT<\/strong>,&nbsp;<em>Maire de Carri\u00e8res-sous-Poissy, a. conseiller r\u00e9gional d\u2019\u00cele-de-France<\/em><\/p>\n\n\n\n<p><strong>I.2&nbsp;(10h10 \u2013 10h30)<\/strong>&nbsp;<strong>&#8211; Paroles et t\u00e9moignages<\/strong><\/p>\n\n\n\n<p>Pr\u00e9sentation du dispositif \u00ab \u00c9lu\u22c5es rurales et ruraux, relais de l\u2019\u00e9galit\u00e9 \u00bb (r\u00e9seau ERRE de la Vienne), port\u00e9 par l\u2019association des Maires rurales et ruraux de France par&nbsp;Christelle CHARRIER&nbsp;<em>conseill\u00e8re municipale de Villiers, tr\u00e9sori\u00e8re d\u2019ECVF<\/em>&nbsp;avec&nbsp;H\u00e9l\u00e8ne DESLANDES,&nbsp;<em>Collectif femmes violent\u00e9es de la Vienne<\/em>,&nbsp;Elodie BONNAFOUS,&nbsp;<em>conseill\u00e8re municipale de Poitiers<\/em>,&nbsp;Amandine BELLOIR,&nbsp;<em>ADEV- association de d\u00e9fense des enfants de la Vienne<\/em>.<\/p>\n\n\n\n<p><strong>\u00c9changes avec la salle (15\u2019)<\/strong><\/p>\n\n\n\n<p><strong>10h45 \u2013 12h30 : TABLE II \u2013 MASCULINISME ET POUVOIR<\/strong><strong>&nbsp;<\/strong><strong>&#x25b6;<\/strong><\/p>\n\n\n\n<p><strong>\u00ab Les \u00e9lu\u00b7es contre le masculinisme \u00e0 l\u2019\u0153uvre dans les sph\u00e8res du pouvoir \u00bb<\/strong><\/p>\n\n\n\n<p><strong>Pr\u00e9ambule&nbsp;:&nbsp;<\/strong>message audiovisuel de&nbsp;<strong>Sandrine JOSSO,&nbsp;<\/strong><em>d\u00e9put\u00e9e<\/em><\/p>\n\n\n\n<p>II.1&nbsp;(10h45-11h30)&nbsp;<strong>D\u00e9noncer le masculinisme pour le d\u00e9sarmer<\/strong><\/p>\n\n\n\n<p>Mod\u00e9ratrice :&nbsp;&nbsp;Genevi\u00e8ve COURAUD,&nbsp;<em>a. \u00e9lue du 7\u00e8 secteur de Marseille, a. Pr\u00e9sidente de la commission DSR-sant\u00e9 des femmes du HCE, pr\u00e9sidente d\u2019honneur d\u2019ECVF<\/em><\/p>\n\n\n\n<p>Intervenant\u22c5es :<\/p>\n\n\n\n<p><strong>Rachel DURQUETY<\/strong>,&nbsp;<em>maire de B\u00e9lus, vice-pr\u00e9sidente du Conseil d\u00e9partemental des Landes<\/em><\/p>\n\n\n\n<p><strong>V\u00e9ronique GENELLE<\/strong>, co<em>-pr\u00e9sidente de l\u2019Association \u00ab Elles aussi \u00bb&nbsp;<\/em><\/p>\n\n\n\n<p><strong>Magali LEBRETON<\/strong>,&nbsp;<em>a. adjointe d\u00e9l\u00e9gu\u00e9e \u00e0 la communication et \u00e0 la culture, conseill\u00e8res d\u2019opposition du groupe \u00ab Comm\u2019une d\u2019ID \u00bb de Pluguffan<\/em><\/p>\n\n\n\n<p><strong>C\u00e9line PIQUES<\/strong>,&nbsp;<em>porte-parole d\u2019OLF !, co-pr\u00e9sidente de la commission \u00ab violences \u00bb du HCE, autrice de \u00ab D\u00e9viriliser le monde. \u00bb<\/em><\/p>\n\n\n\n<p><strong>II.2&nbsp;(11h30-11h50) &#8211;&nbsp;<u>Paroles et t\u00e9moignages<\/u><\/strong><\/p>\n\n\n\n<p>Maud OLIVIER,&nbsp;<em>Rapporteure de la loi 2016 contre le syst\u00e8me prostitutionnel, a. d\u00e9put\u00e9e<\/em><\/p>\n\n\n\n<p>Grandes t\u00e9moins :Danielle SIMONNET,&nbsp;<em>d\u00e9put\u00e9e,&nbsp;<\/em>C\u00e9line THIEBAULT-MARTINEZ<em>,&nbsp;<\/em><em>d\u00e9put\u00e9e&nbsp;<\/em>et&nbsp;Sandrine ROUSSEAU<em>,&nbsp;<\/em><em>d\u00e9put\u00e9e<\/em><\/p>\n\n\n\n<p><strong>\u00c9changes avec la salle (15\u2019)<\/strong><\/p>\n\n\n\n<p><strong>12h30 \u2013 14h00 : D\u00e9jeuner libre<\/strong><\/p>\n\n\n\n<p><strong>14h00 \u2013 15h05 : TABLE III \u2013 ECONOMIE&nbsp;<\/strong><strong>&#x25b6;<\/strong><strong><\/strong><\/p>\n\n\n\n<p><strong>\u00ab Les \u00e9lu\u00b7es aux c\u00f4t\u00e9s de la soci\u00e9t\u00e9 civile, contre les violences \u00e9conomiques \u00bb<\/strong><\/p>\n\n\n\n<p>Mod\u00e9ratrice :&nbsp;Isabelle DAHAN,&nbsp;<em>conseill\u00e8re municipale de Bois-Colombes, avocate<\/em><\/p>\n\n\n\n<p>Intervenant\u22c5es :<\/p>\n\n\n\n<p>Sigrid GERARDIN,&nbsp;<em>Responsable du secteur Femmes de la FSU, co-secr\u00e9taire g\u00e9n\u00e9rale du syndicat de l\u2019enseignement professionnel public FSU (snuep-fsu)<\/em><\/p>\n\n\n\n<p>Cristina LUNGHI,&nbsp;<em>fondatrice d\u2019Arborus, experte Egalit\u00e9 professionnelle<\/em><\/p>\n\n\n\n<p>Rose-Marie BOUSSAMBA,&nbsp;<em>Conseill\u00e8re municipale Des Ulis, charg\u00e9e du Plan de R\u00e9ussite \u00c9ducative, du P\u00e9riscolaire et de l\u2019\u00c9galit\u00e9 Femmes \/ Hommes<\/em><\/p>\n\n\n\n<p><strong>\u00c9changes avec la salle (15\u2019)<\/strong><\/p>\n\n\n\n<p><strong>15h05 \u2013 16h20 : TABLE IV \u2013 INTERNATIONALE&nbsp;<\/strong><strong>&#x25b6;<\/strong><strong><\/strong><\/p>\n\n\n\n<p><strong>\u00ab Les \u00e9lu\u00b7es aux c\u00f4t\u00e9s des r\u00e9sistantes, notre engagement universaliste&nbsp;\u00bb<\/strong><\/p>\n\n\n\n<p><strong><u>IV.1&nbsp;(15h05-15h50) Aux c\u00f4t\u00e9s des r\u00e9sistantes, notre engagement universaliste<\/u><\/strong><\/p>\n\n\n\n<p>Mod\u00e9ratrice :&nbsp;Pascale MARTIN,<em>&nbsp;a. D\u00e9put\u00e9e, a. \u00c9lue nationale de Femmes Solidaires, Vice-Pr\u00e9sidente d\u2019ECVF<\/em><\/p>\n\n\n\n<p>Intervenant\u22c5es :<\/p>\n\n\n\n<p>P\u0131nar SELEK,&nbsp;<em>\u00e9crivaine, enseignante-chercheuse,&nbsp;\u00e9cof\u00e9ministe turque<\/em><\/p>\n\n\n\n<p><strong>Shoukria HAIDAR,<em>&nbsp;Pr\u00e9sidente-fondatrice de NEGAR-Soutien aux femmes d\u2019Afghanistan<\/em><\/strong><\/p>\n\n\n\n<p>Chahla CHAFIQ,&nbsp;<em>chercheuse et \u00e9crivaine Iranienne<\/em>,<em>&nbsp;Pr\u00e9sidente de l\u2019ADRIC<\/em><\/p>\n\n\n\n<p>Roseline BERIWAN KISA,&nbsp;<em>juriste franco-kurde, pr\u00e9sidente de France-Kurdistan<\/em><\/p>\n\n\n\n<p><strong><u>IV.2&nbsp;(15h50-16h05)&nbsp;<\/u><\/strong><strong><u>Les&nbsp;grandes structures&nbsp;f\u00e9ministes&nbsp;internationales&nbsp;en voie d\u2019effacement<\/u><\/strong><\/p>\n\n\n\n<p><strong>Mich\u00e8le VITRAC<\/strong><strong>,&nbsp;<\/strong><em>pr\u00e9sidente d\u2019ECVF<\/em><em>,&nbsp;<\/em>dialogue avec&nbsp;<strong>Monique DENTAL<em>,&nbsp;<\/em><\/strong><em>militante f\u00e9ministe fran\u00e7aise, fondatrice et animatrice du R\u00e9seau F\u00e9ministe \u00ab Ruptures \u00bb, experte en \u00e9galit\u00e9 femmes-hommes aupr\u00e8s de l\u2019Union europ\u00e9enne (France)<\/em><\/p>\n\n\n\n<p><strong>\u00c9changes avec la salle (15\u2019)<\/strong><\/p>\n\n\n\n<p><strong>16h20 \u2013 16h30 : Conclusion et fermeture de la conf\u00e9rence<\/strong><\/p>\n\n\n\n<p><strong>Mich\u00e8le VITRAC-POUZOULET<\/strong><strong>,&nbsp;<\/strong><em>pr\u00e9sidente d\u2019ECVF<\/em><strong>&nbsp;\/&nbsp;<\/strong><strong>Rapha\u00eblle REMY-LELEU<\/strong><strong>,<\/strong><em>&nbsp;Conseill\u00e8re de Paris, autrice de \u00ab Beyonc\u00e9 est-elle f\u00e9ministe ? \u00bb<\/em><\/p>\n","protected":false},"excerpt":{"rendered":"<p>INVITATION&nbsp; \u00ab&nbsp;D\u00c9FENDRE LES FEMMES ET LEURS DROITS, C\u2019EST RENFORCER LA D\u00c9MOCRATIE&nbsp;\u00bb Madame, Monsieur, Nous avons le plaisir de vous inviter \u00e0 la conf\u00e9rence organis\u00e9e par ECVF, vendredi 30 janvier 2026, \u00e0 partir de 08h30, \u00e0 l\u2019H\u00f4tel de ville de&nbsp;Paris, 5 rue de Lobau&nbsp;(m\u00e9tro 1 ou 11 &#8211; arr\u00eat H\u00f4tel de ville). Le th\u00e8me que nous [&hellip;]<\/p>\n","protected":false},"author":2,"featured_media":65623,"comment_status":"closed","ping_status":"closed","sticky":false,"template":"","format":"standard","meta":{"ngg_post_thumbnail":0,"footnotes":""},"categories":[23],"tags":[],"post_format":[],"class_list":["post-65622","post","type-post","status-publish","format-standard","has-post-thumbnail","hentry","category-evenements-et-actions-en-soutien-aux-femmes-dafghanistan"],"blocksy_meta":[],"_links":{"self":[{"href":"https:\/\/www.negar-afghanwomen.org\/2\/wp-json\/wp\/v2\/posts\/65622","targetHints":{"allow":["GET"]}}],"collection":[{"href":"https:\/\/www.negar-afghanwomen.org\/2\/wp-json\/wp\/v2\/posts"}],"about":[{"href":"https:\/\/www.negar-afghanwomen.org\/2\/wp-json\/wp\/v2\/types\/post"}],"author":[{"embeddable":true,"href":"https:\/\/www.negar-afghanwomen.org\/2\/wp-json\/wp\/v2\/users\/2"}],"replies":[{"embeddable":true,"href":"https:\/\/www.negar-afghanwomen.org\/2\/wp-json\/wp\/v2\/comments?post=65622"}],"version-history":[{"count":5,"href":"https:\/\/www.negar-afghanwomen.org\/2\/wp-json\/wp\/v2\/posts\/65622\/revisions"}],"predecessor-version":[{"id":65639,"href":"https:\/\/www.negar-afghanwomen.org\/2\/wp-json\/wp\/v2\/posts\/65622\/revisions\/65639"}],"wp:featuredmedia":[{"embeddable":true,"href":"https:\/\/www.negar-afghanwomen.org\/2\/wp-json\/wp\/v2\/media\/65623"}],"wp:attachment":[{"href":"https:\/\/www.negar-afghanwomen.org\/2\/wp-json\/wp\/v2\/media?parent=65622"}],"wp:term":[{"taxonomy":"category","embeddable":true,"href":"https:\/\/www.negar-afghanwomen.org\/2\/wp-json\/wp\/v2\/categories?post=65622"},{"taxonomy":"post_tag","embeddable":true,"href":"https:\/\/www.negar-afghanwomen.org\/2\/wp-json\/wp\/v2\/tags?post=65622"},{"taxonomy":"post_format","embeddable":true,"href":"https:\/\/www.negar-afghanwomen.org\/2\/wp-json\/wp\/v2\/post_format?post=65622"}],"curies":[{"name":"wp","href":"https:\/\/api.w.org\/{rel}","templated":true}]}}