{"id":91,"date":"2013-07-15T10:08:19","date_gmt":"2013-07-15T08:08:19","guid":{"rendered":"http:\/\/www.negar-afghanwomen.org\/2\/?p=91"},"modified":"2013-07-15T10:13:15","modified_gmt":"2013-07-15T08:13:15","slug":"compte-rendu-1er-semestre-2013","status":"publish","type":"post","link":"https:\/\/www.negar-afghanwomen.org\/2\/compte-rendu-1er-semestre-2013\/","title":{"rendered":"Compte Rendu 1er semestre 2013"},"content":{"rendered":"<p><i><a href=\"https:\/\/www.negar-afghanwomen.org\/2\/wp-content\/uploads\/2013\/07\/negar120131-e1373875914775.jpg\"><img loading=\"lazy\" decoding=\"async\" class=\"alignleft size-medium wp-image-96\" alt=\"negar12013\" src=\"https:\/\/www.negar-afghanwomen.org\/2\/wp-content\/uploads\/2013\/07\/negar120131-300x225.jpg\" width=\"300\" height=\"225\" \/><\/a>La situation ne cesse de se d\u00e9grader, m\u00eame au Panjshir, o\u00f9 5 Talibans de nationalit\u00e9 Tch\u00e9tch\u00e8ne ont fait sauter en pleine nuit (juin 2013) le b\u00e2timent de la Pr\u00e9fecture. Les responsables de la S\u00e9curit\u00e9 ont demand\u00e9 au gouvernement d\u2019avantage d\u2019armes pour maintenir la s\u00e9curit\u00e9, mais cela leur a \u00e9t\u00e9 refus\u00e9. <\/i><\/p>\n<p><i>Les repr\u00e9sentants des anciens moudjahidins de Massoud ont r\u00e9alis\u00e9 une union dans tout le Panjshir et sont pr\u00eats \u00e0 prendre le contr\u00f4le de la province en cas de n\u00e9cessit\u00e9.<\/i><\/p>\n<p><i>Rien n\u2019a \u00e9t\u00e9 r\u00e9alis\u00e9 dans cette province rurale pour donner du travail aux habitants et, faute de perspectives d\u2019avenir, beaucoup de jeunes sombrent dans la drogue\u00a0; le Pakistan leur promet de l\u2019argent s\u2019ils r\u00e9alisent des actions de d\u00e9stabilisation\u00a0: attentats contre les \u00e9coles (ce qui s\u2019est produit l\u2019an dernier \u00e0 Koh-I-Talkhona), enl\u00e8vements ou assassinats d\u2019\u00e9trangers\u2026<\/i><\/p>\n<p>Lire le rapport complet\u00a0<a href=\"https:\/\/www.negar-afghanwomen.org\/2\/wp-content\/uploads\/2013\/07\/negar1ersem2013.pdf\">negar1ersem2013<\/a><\/p>\n<p>&nbsp;<\/p>\n","protected":false},"excerpt":{"rendered":"<p>La situation ne cesse de se d\u00e9grader, m\u00eame au Panjshir, o\u00f9 5 Talibans de nationalit\u00e9 Tch\u00e9tch\u00e8ne ont fait sauter en pleine nuit (juin 2013) le b\u00e2timent de la Pr\u00e9fecture. Les responsables de la S\u00e9curit\u00e9 ont demand\u00e9 au gouvernement d\u2019avantage d\u2019armes pour maintenir la s\u00e9curit\u00e9, mais cela leur a \u00e9t\u00e9 refus\u00e9. Les repr\u00e9sentants des anciens moudjahidins [&hellip;]<\/p>\n","protected":false},"author":2,"featured_media":92,"comment_status":"closed","ping_status":"open","sticky":false,"template":"","format":"standard","meta":{"ngg_post_thumbnail":0,"footnotes":""},"categories":[1],"tags":[],"post_format":[],"class_list":["post-91","post","type-post","status-publish","format-standard","has-post-thumbnail","hentry","category-education"],"blocksy_meta":[],"_links":{"self":[{"href":"https:\/\/www.negar-afghanwomen.org\/2\/wp-json\/wp\/v2\/posts\/91","targetHints":{"allow":["GET"]}}],"collection":[{"href":"https:\/\/www.negar-afghanwomen.org\/2\/wp-json\/wp\/v2\/posts"}],"about":[{"href":"https:\/\/www.negar-afghanwomen.org\/2\/wp-json\/wp\/v2\/types\/post"}],"author":[{"embeddable":true,"href":"https:\/\/www.negar-afghanwomen.org\/2\/wp-json\/wp\/v2\/users\/2"}],"replies":[{"embeddable":true,"href":"https:\/\/www.negar-afghanwomen.org\/2\/wp-json\/wp\/v2\/comments?post=91"}],"version-history":[{"count":0,"href":"https:\/\/www.negar-afghanwomen.org\/2\/wp-json\/wp\/v2\/posts\/91\/revisions"}],"wp:featuredmedia":[{"embeddable":true,"href":"https:\/\/www.negar-afghanwomen.org\/2\/wp-json\/wp\/v2\/media\/92"}],"wp:attachment":[{"href":"https:\/\/www.negar-afghanwomen.org\/2\/wp-json\/wp\/v2\/media?parent=91"}],"wp:term":[{"taxonomy":"category","embeddable":true,"href":"https:\/\/www.negar-afghanwomen.org\/2\/wp-json\/wp\/v2\/categories?post=91"},{"taxonomy":"post_tag","embeddable":true,"href":"https:\/\/www.negar-afghanwomen.org\/2\/wp-json\/wp\/v2\/tags?post=91"},{"taxonomy":"post_format","embeddable":true,"href":"https:\/\/www.negar-afghanwomen.org\/2\/wp-json\/wp\/v2\/post_format?post=91"}],"curies":[{"name":"wp","href":"https:\/\/api.w.org\/{rel}","templated":true}]}}